{"id":2257,"date":"2019-10-06T12:23:23","date_gmt":"2019-10-06T12:23:23","guid":{"rendered":"http:\/\/bdr-architekci.pl\/?p=2257"},"modified":"2020-05-12T10:37:51","modified_gmt":"2020-05-12T10:37:51","slug":"the-pileckis-family-house-museum-key-handover-ceremony","status":"publish","type":"post","link":"http:\/\/bdr-architekci.pl\/en\/news\/the-pileckis-family-house-museum-key-handover-ceremony\/","title":{"rendered":"The Pilecki\u2019s Family House Museum Key Handover Ceremony"},"content":{"rendered":"<p><span class=\"st\"> The key handover ceremony of The Pilecki\u2019s Family House Museum took place on<\/span> 6.10.2019 in Ostr\u00f3w Mazowiecka. Polish Minister of Culture recived the keys to the completed building. We would like to thank to Polish Ministry of Culture, Ostr\u00f3w Mazowiecka Town, <span class=\"st\">The Pilecki\u2019s Family House Museum managment and ZKM-ASIS construction company for coperation in working on the design.<\/span><\/p>\n<p><span style=\"color: #999999;\"><a style=\"color: #999999;\" href=\"https:\/\/www.gov.pl\/web\/kultura\/minister-kultury-odebral-klucze-do-muzeum-domu-rodziny-pileckich\">Information on Official Poland Goverment site<\/a>\u00a0<\/span><\/p>\n<p><span style=\"color: #999999;\"><a style=\"color: #999999;\" href=\"http:\/\/bdr-architekci.pl\/en\/projects\/muzeum-dom-rodziny-pileckich\/\">Go to project<\/a><\/span><br \/>\n<span style=\"color: #999999;\">\u00a0<\/span><\/p>\n","protected":false},"excerpt":{"rendered":"<p>The key handover ceremony of The Pilecki\u2019s Family House Museum took place on 6.10.2019 in Ostr\u00f3w Mazowiecka. Polish Minister of Culture recived the keys to the completed building. We would like to thank to Polish Ministry of Culture, Ostr\u00f3w Mazowiecka Town, The Pilecki\u2019s Family House Museum managment and ZKM-ASIS construction company for coperation in working [&hellip;]<\/p>\n","protected":false},"author":2,"featured_media":2021,"comment_status":"open","ping_status":"open","sticky":false,"template":"","format":"standard","meta":{"footnotes":""},"categories":[4],"tags":[],"class_list":["post-2257","post","type-post","status-publish","format-standard","has-post-thumbnail","hentry","category-news"],"yoast_head":"<!-- This site is optimized with the Yoast SEO plugin v25.6 - https:\/\/yoast.com\/wordpress\/plugins\/seo\/ -->\n<title>The Pilecki\u2019s Family House Museum Key Handover Ceremony - BDR Architekci<\/title>\n<meta name=\"robots\" content=\"index, follow, max-snippet:-1, max-image-preview:large, max-video-preview:-1\" \/>\n<link rel=\"canonical\" href=\"https:\/\/bdr-architekci.pl\/en\/news\/the-pileckis-family-house-museum-key-handover-ceremony\/\" \/>\n<meta property=\"og:locale\" content=\"en_US\" \/>\n<meta property=\"og:type\" content=\"article\" \/>\n<meta property=\"og:title\" content=\"The Pilecki\u2019s Family House Museum Key Handover Ceremony - BDR Architekci\" \/>\n<meta property=\"og:description\" content=\"The key handover ceremony of The Pilecki\u2019s Family House Museum took place on 6.10.2019 in Ostr\u00f3w Mazowiecka. Polish Minister of Culture recived the keys to the completed building. We would like to thank to Polish Ministry of Culture, Ostr\u00f3w Mazowiecka Town, The Pilecki\u2019s Family House Museum managment and ZKM-ASIS construction company for coperation in working [&hellip;]\" \/>\n<meta property=\"og:url\" content=\"https:\/\/bdr-architekci.pl\/en\/news\/the-pileckis-family-house-museum-key-handover-ceremony\/\" \/>\n<meta property=\"og:site_name\" content=\"BDR Architekci\" \/>\n<meta property=\"article:published_time\" content=\"2019-10-06T12:23:23+00:00\" \/>\n<meta property=\"article:modified_time\" content=\"2020-05-12T10:37:51+00:00\" \/>\n<meta property=\"og:image\" content=\"https:\/\/bdr-architekci.pl\/cnt\/upld\/2019\/10\/2019-10-07_DRP_news-1.jpg\" \/>\n\t<meta property=\"og:image:width\" content=\"620\" \/>\n\t<meta property=\"og:image:height\" content=\"349\" \/>\n\t<meta property=\"og:image:type\" content=\"image\/jpeg\" \/>\n<meta name=\"author\" content=\"Konrad Basan\" \/>\n<meta name=\"twitter:card\" content=\"summary_large_image\" \/>\n<meta name=\"twitter:label1\" content=\"Written by\" \/>\n\t<meta name=\"twitter:data1\" content=\"Konrad Basan\" \/>\n<script type=\"application\/ld+json\" class=\"yoast-schema-graph\">{\"@context\":\"https:\/\/schema.org\",\"@graph\":[{\"@type\":\"WebPage\",\"@id\":\"https:\/\/bdr-architekci.pl\/en\/news\/the-pileckis-family-house-museum-key-handover-ceremony\/\",\"url\":\"https:\/\/bdr-architekci.pl\/en\/news\/the-pileckis-family-house-museum-key-handover-ceremony\/\",\"name\":\"The Pilecki\u2019s Family House Museum Key Handover Ceremony - BDR Architekci\",\"isPartOf\":{\"@id\":\"http:\/\/bdr-architekci.pl\/#website\"},\"primaryImageOfPage\":{\"@id\":\"https:\/\/bdr-architekci.pl\/en\/news\/the-pileckis-family-house-museum-key-handover-ceremony\/#primaryimage\"},\"image\":{\"@id\":\"https:\/\/bdr-architekci.pl\/en\/news\/the-pileckis-family-house-museum-key-handover-ceremony\/#primaryimage\"},\"thumbnailUrl\":\"http:\/\/bdr-architekci.pl\/cnt\/upld\/2019\/10\/2019-10-07_DRP_news-1.jpg\",\"datePublished\":\"2019-10-06T12:23:23+00:00\",\"dateModified\":\"2020-05-12T10:37:51+00:00\",\"author\":{\"@id\":\"http:\/\/bdr-architekci.pl\/#\/schema\/person\/57b6462fbbbed58de85105a47a411451\"},\"breadcrumb\":{\"@id\":\"https:\/\/bdr-architekci.pl\/en\/news\/the-pileckis-family-house-museum-key-handover-ceremony\/#breadcrumb\"},\"inLanguage\":\"en-US\",\"potentialAction\":[{\"@type\":\"ReadAction\",\"target\":[\"https:\/\/bdr-architekci.pl\/en\/news\/the-pileckis-family-house-museum-key-handover-ceremony\/\"]}]},{\"@type\":\"ImageObject\",\"inLanguage\":\"en-US\",\"@id\":\"https:\/\/bdr-architekci.pl\/en\/news\/the-pileckis-family-house-museum-key-handover-ceremony\/#primaryimage\",\"url\":\"http:\/\/bdr-architekci.pl\/cnt\/upld\/2019\/10\/2019-10-07_DRP_news-1.jpg\",\"contentUrl\":\"http:\/\/bdr-architekci.pl\/cnt\/upld\/2019\/10\/2019-10-07_DRP_news-1.jpg\",\"width\":620,\"height\":349},{\"@type\":\"BreadcrumbList\",\"@id\":\"https:\/\/bdr-architekci.pl\/en\/news\/the-pileckis-family-house-museum-key-handover-ceremony\/#breadcrumb\",\"itemListElement\":[{\"@type\":\"ListItem\",\"position\":1,\"name\":\"Strona g\u0142\u00f3wna\",\"item\":\"http:\/\/bdr-architekci.pl\/en\/\"},{\"@type\":\"ListItem\",\"position\":2,\"name\":\"The Pilecki\u2019s Family House Museum Key Handover Ceremony\"}]},{\"@type\":\"WebSite\",\"@id\":\"http:\/\/bdr-architekci.pl\/#website\",\"url\":\"http:\/\/bdr-architekci.pl\/\",\"name\":\"BDR Architekci\",\"description\":\"Pracownia BDR Architekci zosta\u0142a za\u0142o\u017cona w roku 2015 przez architekt\u00f3w Konrada Basana, Paw\u0142a Dadoka, Mari\u0119 Roj i Micha\u0142a Rogowskiego.\",\"potentialAction\":[{\"@type\":\"SearchAction\",\"target\":{\"@type\":\"EntryPoint\",\"urlTemplate\":\"http:\/\/bdr-architekci.pl\/?s={search_term_string}\"},\"query-input\":{\"@type\":\"PropertyValueSpecification\",\"valueRequired\":true,\"valueName\":\"search_term_string\"}}],\"inLanguage\":\"en-US\"},{\"@type\":\"Person\",\"@id\":\"http:\/\/bdr-architekci.pl\/#\/schema\/person\/57b6462fbbbed58de85105a47a411451\",\"name\":\"Konrad Basan\",\"image\":{\"@type\":\"ImageObject\",\"inLanguage\":\"en-US\",\"@id\":\"http:\/\/bdr-architekci.pl\/#\/schema\/person\/image\/\",\"url\":\"https:\/\/secure.gravatar.com\/avatar\/6f22616280aea99922fde3c23371b5e31a6f9a920d2f50e4f52b3f74cda09755?s=96&d=mm&r=g\",\"contentUrl\":\"https:\/\/secure.gravatar.com\/avatar\/6f22616280aea99922fde3c23371b5e31a6f9a920d2f50e4f52b3f74cda09755?s=96&d=mm&r=g\",\"caption\":\"Konrad Basan\"},\"url\":\"http:\/\/bdr-architekci.pl\/en\/author\/basan\/\"}]}<\/script>\n<!-- \/ Yoast SEO plugin. -->","yoast_head_json":{"title":"The Pilecki\u2019s Family House Museum Key Handover Ceremony - BDR Architekci","robots":{"index":"index","follow":"follow","max-snippet":"max-snippet:-1","max-image-preview":"max-image-preview:large","max-video-preview":"max-video-preview:-1"},"canonical":"https:\/\/bdr-architekci.pl\/en\/news\/the-pileckis-family-house-museum-key-handover-ceremony\/","og_locale":"en_US","og_type":"article","og_title":"The Pilecki\u2019s Family House Museum Key Handover Ceremony - BDR Architekci","og_description":"The key handover ceremony of The Pilecki\u2019s Family House Museum took place on 6.10.2019 in Ostr\u00f3w Mazowiecka. Polish Minister of Culture recived the keys to the completed building. We would like to thank to Polish Ministry of Culture, Ostr\u00f3w Mazowiecka Town, The Pilecki\u2019s Family House Museum managment and ZKM-ASIS construction company for coperation in working [&hellip;]","og_url":"https:\/\/bdr-architekci.pl\/en\/news\/the-pileckis-family-house-museum-key-handover-ceremony\/","og_site_name":"BDR Architekci","article_published_time":"2019-10-06T12:23:23+00:00","article_modified_time":"2020-05-12T10:37:51+00:00","og_image":[{"width":620,"height":349,"url":"https:\/\/bdr-architekci.pl\/cnt\/upld\/2019\/10\/2019-10-07_DRP_news-1.jpg","type":"image\/jpeg"}],"author":"Konrad Basan","twitter_card":"summary_large_image","twitter_misc":{"Written by":"Konrad Basan"},"schema":{"@context":"https:\/\/schema.org","@graph":[{"@type":"WebPage","@id":"https:\/\/bdr-architekci.pl\/en\/news\/the-pileckis-family-house-museum-key-handover-ceremony\/","url":"https:\/\/bdr-architekci.pl\/en\/news\/the-pileckis-family-house-museum-key-handover-ceremony\/","name":"The Pilecki\u2019s Family House Museum Key Handover Ceremony - BDR Architekci","isPartOf":{"@id":"http:\/\/bdr-architekci.pl\/#website"},"primaryImageOfPage":{"@id":"https:\/\/bdr-architekci.pl\/en\/news\/the-pileckis-family-house-museum-key-handover-ceremony\/#primaryimage"},"image":{"@id":"https:\/\/bdr-architekci.pl\/en\/news\/the-pileckis-family-house-museum-key-handover-ceremony\/#primaryimage"},"thumbnailUrl":"http:\/\/bdr-architekci.pl\/cnt\/upld\/2019\/10\/2019-10-07_DRP_news-1.jpg","datePublished":"2019-10-06T12:23:23+00:00","dateModified":"2020-05-12T10:37:51+00:00","author":{"@id":"http:\/\/bdr-architekci.pl\/#\/schema\/person\/57b6462fbbbed58de85105a47a411451"},"breadcrumb":{"@id":"https:\/\/bdr-architekci.pl\/en\/news\/the-pileckis-family-house-museum-key-handover-ceremony\/#breadcrumb"},"inLanguage":"en-US","potentialAction":[{"@type":"ReadAction","target":["https:\/\/bdr-architekci.pl\/en\/news\/the-pileckis-family-house-museum-key-handover-ceremony\/"]}]},{"@type":"ImageObject","inLanguage":"en-US","@id":"https:\/\/bdr-architekci.pl\/en\/news\/the-pileckis-family-house-museum-key-handover-ceremony\/#primaryimage","url":"http:\/\/bdr-architekci.pl\/cnt\/upld\/2019\/10\/2019-10-07_DRP_news-1.jpg","contentUrl":"http:\/\/bdr-architekci.pl\/cnt\/upld\/2019\/10\/2019-10-07_DRP_news-1.jpg","width":620,"height":349},{"@type":"BreadcrumbList","@id":"https:\/\/bdr-architekci.pl\/en\/news\/the-pileckis-family-house-museum-key-handover-ceremony\/#breadcrumb","itemListElement":[{"@type":"ListItem","position":1,"name":"Strona g\u0142\u00f3wna","item":"http:\/\/bdr-architekci.pl\/en\/"},{"@type":"ListItem","position":2,"name":"The Pilecki\u2019s Family House Museum Key Handover Ceremony"}]},{"@type":"WebSite","@id":"http:\/\/bdr-architekci.pl\/#website","url":"http:\/\/bdr-architekci.pl\/","name":"BDR Architekci","description":"Pracownia BDR Architekci zosta\u0142a za\u0142o\u017cona w roku 2015 przez architekt\u00f3w Konrada Basana, Paw\u0142a Dadoka, Mari\u0119 Roj i Micha\u0142a Rogowskiego.","potentialAction":[{"@type":"SearchAction","target":{"@type":"EntryPoint","urlTemplate":"http:\/\/bdr-architekci.pl\/?s={search_term_string}"},"query-input":{"@type":"PropertyValueSpecification","valueRequired":true,"valueName":"search_term_string"}}],"inLanguage":"en-US"},{"@type":"Person","@id":"http:\/\/bdr-architekci.pl\/#\/schema\/person\/57b6462fbbbed58de85105a47a411451","name":"Konrad Basan","image":{"@type":"ImageObject","inLanguage":"en-US","@id":"http:\/\/bdr-architekci.pl\/#\/schema\/person\/image\/","url":"https:\/\/secure.gravatar.com\/avatar\/6f22616280aea99922fde3c23371b5e31a6f9a920d2f50e4f52b3f74cda09755?s=96&d=mm&r=g","contentUrl":"https:\/\/secure.gravatar.com\/avatar\/6f22616280aea99922fde3c23371b5e31a6f9a920d2f50e4f52b3f74cda09755?s=96&d=mm&r=g","caption":"Konrad Basan"},"url":"http:\/\/bdr-architekci.pl\/en\/author\/basan\/"}]}},"_links":{"self":[{"href":"http:\/\/bdr-architekci.pl\/en\/wp-json\/wp\/v2\/posts\/2257","targetHints":{"allow":["GET"]}}],"collection":[{"href":"http:\/\/bdr-architekci.pl\/en\/wp-json\/wp\/v2\/posts"}],"about":[{"href":"http:\/\/bdr-architekci.pl\/en\/wp-json\/wp\/v2\/types\/post"}],"author":[{"embeddable":true,"href":"http:\/\/bdr-architekci.pl\/en\/wp-json\/wp\/v2\/users\/2"}],"replies":[{"embeddable":true,"href":"http:\/\/bdr-architekci.pl\/en\/wp-json\/wp\/v2\/comments?post=2257"}],"version-history":[{"count":0,"href":"http:\/\/bdr-architekci.pl\/en\/wp-json\/wp\/v2\/posts\/2257\/revisions"}],"wp:featuredmedia":[{"embeddable":true,"href":"http:\/\/bdr-architekci.pl\/en\/wp-json\/wp\/v2\/media\/2021"}],"wp:attachment":[{"href":"http:\/\/bdr-architekci.pl\/en\/wp-json\/wp\/v2\/media?parent=2257"}],"wp:term":[{"taxonomy":"category","embeddable":true,"href":"http:\/\/bdr-architekci.pl\/en\/wp-json\/wp\/v2\/categories?post=2257"},{"taxonomy":"post_tag","embeddable":true,"href":"http:\/\/bdr-architekci.pl\/en\/wp-json\/wp\/v2\/tags?post=2257"}],"curies":[{"name":"wp","href":"https:\/\/api.w.org\/{rel}","templated":true}]}}