{"id":293,"date":"2015-12-15T19:53:44","date_gmt":"2015-12-15T19:53:44","guid":{"rendered":"http:\/\/bdr-architekci.pl\/?p=293\/"},"modified":"2018-01-21T13:27:04","modified_gmt":"2018-01-21T13:27:04","slug":"1st-prize-in-sarp-design-competition","status":"publish","type":"post","link":"http:\/\/bdr-architekci.pl\/en\/news\/1st-prize-in-sarp-design-competition\/","title":{"rendered":"1st prize in SARP design competition"},"content":{"rendered":"<p>Our team has received the 1st prize in the architectural design competition for revitalisation concept of the headquarters of the Adam Mickiewicz Museum of Literature in Warsaw<\/p>\n<p><a href=\"http:\/\/bdr-architekci.pl\/en\/projects\/literature-museum\/\">View the project<\/a><\/p>\n","protected":false},"excerpt":{"rendered":"<p>Our team has received the 1st prize in the architectural design competition for revitalisation concept of the headquarters of the Adam Mickiewicz Museum of Literature in Warsaw View the project<\/p>\n","protected":false},"author":1,"featured_media":353,"comment_status":"open","ping_status":"open","sticky":false,"template":"","format":"standard","meta":{"footnotes":""},"categories":[4],"tags":[],"class_list":["post-293","post","type-post","status-publish","format-standard","has-post-thumbnail","hentry","category-news"],"yoast_head":"<!-- This site is optimized with the Yoast SEO plugin v25.6 - https:\/\/yoast.com\/wordpress\/plugins\/seo\/ -->\n<title>1st prize in SARP design competition - BDR Architekci<\/title>\n<meta name=\"robots\" content=\"index, follow, max-snippet:-1, max-image-preview:large, max-video-preview:-1\" \/>\n<link rel=\"canonical\" href=\"http:\/\/bdr-architekci.pl\/en\/news\/1st-prize-in-sarp-design-competition\/\" \/>\n<meta property=\"og:locale\" content=\"en_US\" \/>\n<meta property=\"og:type\" content=\"article\" \/>\n<meta property=\"og:title\" content=\"1st prize in SARP design competition - BDR Architekci\" \/>\n<meta property=\"og:description\" content=\"Our team has received the 1st prize in the architectural design competition for revitalisation concept of the headquarters of the Adam Mickiewicz Museum of Literature in Warsaw View the project\" \/>\n<meta property=\"og:url\" content=\"http:\/\/bdr-architekci.pl\/en\/news\/1st-prize-in-sarp-design-competition\/\" \/>\n<meta property=\"og:site_name\" content=\"BDR Architekci\" \/>\n<meta property=\"article:published_time\" content=\"2015-12-15T19:53:44+00:00\" \/>\n<meta property=\"article:modified_time\" content=\"2018-01-21T13:27:04+00:00\" \/>\n<meta property=\"og:image\" content=\"http:\/\/bdr-architekci.pl\/cnt\/upld\/2017\/06\/ML_C1_small.jpg\" \/>\n\t<meta property=\"og:image:width\" content=\"1200\" \/>\n\t<meta property=\"og:image:height\" content=\"900\" \/>\n\t<meta property=\"og:image:type\" content=\"image\/jpeg\" \/>\n<meta name=\"author\" content=\"redesigned\" \/>\n<meta name=\"twitter:card\" content=\"summary_large_image\" \/>\n<meta name=\"twitter:label1\" content=\"Written by\" \/>\n\t<meta name=\"twitter:data1\" content=\"redesigned\" \/>\n<script type=\"application\/ld+json\" class=\"yoast-schema-graph\">{\"@context\":\"https:\/\/schema.org\",\"@graph\":[{\"@type\":\"WebPage\",\"@id\":\"http:\/\/bdr-architekci.pl\/en\/news\/1st-prize-in-sarp-design-competition\/\",\"url\":\"http:\/\/bdr-architekci.pl\/en\/news\/1st-prize-in-sarp-design-competition\/\",\"name\":\"1st prize in SARP design competition - BDR Architekci\",\"isPartOf\":{\"@id\":\"http:\/\/bdr-architekci.pl\/#website\"},\"primaryImageOfPage\":{\"@id\":\"http:\/\/bdr-architekci.pl\/en\/news\/1st-prize-in-sarp-design-competition\/#primaryimage\"},\"image\":{\"@id\":\"http:\/\/bdr-architekci.pl\/en\/news\/1st-prize-in-sarp-design-competition\/#primaryimage\"},\"thumbnailUrl\":\"http:\/\/bdr-architekci.pl\/cnt\/upld\/2017\/06\/ML_C1_small.jpg\",\"datePublished\":\"2015-12-15T19:53:44+00:00\",\"dateModified\":\"2018-01-21T13:27:04+00:00\",\"author\":{\"@id\":\"http:\/\/bdr-architekci.pl\/#\/schema\/person\/ae3d0c375c9ad8000521067adb66e658\"},\"breadcrumb\":{\"@id\":\"http:\/\/bdr-architekci.pl\/en\/news\/1st-prize-in-sarp-design-competition\/#breadcrumb\"},\"inLanguage\":\"en-US\",\"potentialAction\":[{\"@type\":\"ReadAction\",\"target\":[\"http:\/\/bdr-architekci.pl\/en\/news\/1st-prize-in-sarp-design-competition\/\"]}]},{\"@type\":\"ImageObject\",\"inLanguage\":\"en-US\",\"@id\":\"http:\/\/bdr-architekci.pl\/en\/news\/1st-prize-in-sarp-design-competition\/#primaryimage\",\"url\":\"http:\/\/bdr-architekci.pl\/cnt\/upld\/2017\/06\/ML_C1_small.jpg\",\"contentUrl\":\"http:\/\/bdr-architekci.pl\/cnt\/upld\/2017\/06\/ML_C1_small.jpg\",\"width\":1200,\"height\":900},{\"@type\":\"BreadcrumbList\",\"@id\":\"http:\/\/bdr-architekci.pl\/en\/news\/1st-prize-in-sarp-design-competition\/#breadcrumb\",\"itemListElement\":[{\"@type\":\"ListItem\",\"position\":1,\"name\":\"Strona g\u0142\u00f3wna\",\"item\":\"http:\/\/bdr-architekci.pl\/en\/\"},{\"@type\":\"ListItem\",\"position\":2,\"name\":\"1st prize in SARP design competition\"}]},{\"@type\":\"WebSite\",\"@id\":\"http:\/\/bdr-architekci.pl\/#website\",\"url\":\"http:\/\/bdr-architekci.pl\/\",\"name\":\"BDR Architekci\",\"description\":\"Pracownia BDR Architekci zosta\u0142a za\u0142o\u017cona w roku 2015 przez architekt\u00f3w Konrada Basana, Paw\u0142a Dadoka, Mari\u0119 Roj i Micha\u0142a Rogowskiego.\",\"potentialAction\":[{\"@type\":\"SearchAction\",\"target\":{\"@type\":\"EntryPoint\",\"urlTemplate\":\"http:\/\/bdr-architekci.pl\/?s={search_term_string}\"},\"query-input\":{\"@type\":\"PropertyValueSpecification\",\"valueRequired\":true,\"valueName\":\"search_term_string\"}}],\"inLanguage\":\"en-US\"},{\"@type\":\"Person\",\"@id\":\"http:\/\/bdr-architekci.pl\/#\/schema\/person\/ae3d0c375c9ad8000521067adb66e658\",\"name\":\"redesigned\",\"image\":{\"@type\":\"ImageObject\",\"inLanguage\":\"en-US\",\"@id\":\"http:\/\/bdr-architekci.pl\/#\/schema\/person\/image\/\",\"url\":\"https:\/\/secure.gravatar.com\/avatar\/77018c703d6d26c5e6209a6cc20a67180da76136f4aa0690713ddf7e4a83ae8e?s=96&d=mm&r=g\",\"contentUrl\":\"https:\/\/secure.gravatar.com\/avatar\/77018c703d6d26c5e6209a6cc20a67180da76136f4aa0690713ddf7e4a83ae8e?s=96&d=mm&r=g\",\"caption\":\"redesigned\"},\"url\":\"http:\/\/bdr-architekci.pl\/en\/author\/redesigned\/\"}]}<\/script>\n<!-- \/ Yoast SEO plugin. -->","yoast_head_json":{"title":"1st prize in SARP design competition - BDR Architekci","robots":{"index":"index","follow":"follow","max-snippet":"max-snippet:-1","max-image-preview":"max-image-preview:large","max-video-preview":"max-video-preview:-1"},"canonical":"http:\/\/bdr-architekci.pl\/en\/news\/1st-prize-in-sarp-design-competition\/","og_locale":"en_US","og_type":"article","og_title":"1st prize in SARP design competition - BDR Architekci","og_description":"Our team has received the 1st prize in the architectural design competition for revitalisation concept of the headquarters of the Adam Mickiewicz Museum of Literature in Warsaw View the project","og_url":"http:\/\/bdr-architekci.pl\/en\/news\/1st-prize-in-sarp-design-competition\/","og_site_name":"BDR Architekci","article_published_time":"2015-12-15T19:53:44+00:00","article_modified_time":"2018-01-21T13:27:04+00:00","og_image":[{"width":1200,"height":900,"url":"http:\/\/bdr-architekci.pl\/cnt\/upld\/2017\/06\/ML_C1_small.jpg","type":"image\/jpeg"}],"author":"redesigned","twitter_card":"summary_large_image","twitter_misc":{"Written by":"redesigned"},"schema":{"@context":"https:\/\/schema.org","@graph":[{"@type":"WebPage","@id":"http:\/\/bdr-architekci.pl\/en\/news\/1st-prize-in-sarp-design-competition\/","url":"http:\/\/bdr-architekci.pl\/en\/news\/1st-prize-in-sarp-design-competition\/","name":"1st prize in SARP design competition - BDR Architekci","isPartOf":{"@id":"http:\/\/bdr-architekci.pl\/#website"},"primaryImageOfPage":{"@id":"http:\/\/bdr-architekci.pl\/en\/news\/1st-prize-in-sarp-design-competition\/#primaryimage"},"image":{"@id":"http:\/\/bdr-architekci.pl\/en\/news\/1st-prize-in-sarp-design-competition\/#primaryimage"},"thumbnailUrl":"http:\/\/bdr-architekci.pl\/cnt\/upld\/2017\/06\/ML_C1_small.jpg","datePublished":"2015-12-15T19:53:44+00:00","dateModified":"2018-01-21T13:27:04+00:00","author":{"@id":"http:\/\/bdr-architekci.pl\/#\/schema\/person\/ae3d0c375c9ad8000521067adb66e658"},"breadcrumb":{"@id":"http:\/\/bdr-architekci.pl\/en\/news\/1st-prize-in-sarp-design-competition\/#breadcrumb"},"inLanguage":"en-US","potentialAction":[{"@type":"ReadAction","target":["http:\/\/bdr-architekci.pl\/en\/news\/1st-prize-in-sarp-design-competition\/"]}]},{"@type":"ImageObject","inLanguage":"en-US","@id":"http:\/\/bdr-architekci.pl\/en\/news\/1st-prize-in-sarp-design-competition\/#primaryimage","url":"http:\/\/bdr-architekci.pl\/cnt\/upld\/2017\/06\/ML_C1_small.jpg","contentUrl":"http:\/\/bdr-architekci.pl\/cnt\/upld\/2017\/06\/ML_C1_small.jpg","width":1200,"height":900},{"@type":"BreadcrumbList","@id":"http:\/\/bdr-architekci.pl\/en\/news\/1st-prize-in-sarp-design-competition\/#breadcrumb","itemListElement":[{"@type":"ListItem","position":1,"name":"Strona g\u0142\u00f3wna","item":"http:\/\/bdr-architekci.pl\/en\/"},{"@type":"ListItem","position":2,"name":"1st prize in SARP design competition"}]},{"@type":"WebSite","@id":"http:\/\/bdr-architekci.pl\/#website","url":"http:\/\/bdr-architekci.pl\/","name":"BDR Architekci","description":"Pracownia BDR Architekci zosta\u0142a za\u0142o\u017cona w roku 2015 przez architekt\u00f3w Konrada Basana, Paw\u0142a Dadoka, Mari\u0119 Roj i Micha\u0142a Rogowskiego.","potentialAction":[{"@type":"SearchAction","target":{"@type":"EntryPoint","urlTemplate":"http:\/\/bdr-architekci.pl\/?s={search_term_string}"},"query-input":{"@type":"PropertyValueSpecification","valueRequired":true,"valueName":"search_term_string"}}],"inLanguage":"en-US"},{"@type":"Person","@id":"http:\/\/bdr-architekci.pl\/#\/schema\/person\/ae3d0c375c9ad8000521067adb66e658","name":"redesigned","image":{"@type":"ImageObject","inLanguage":"en-US","@id":"http:\/\/bdr-architekci.pl\/#\/schema\/person\/image\/","url":"https:\/\/secure.gravatar.com\/avatar\/77018c703d6d26c5e6209a6cc20a67180da76136f4aa0690713ddf7e4a83ae8e?s=96&d=mm&r=g","contentUrl":"https:\/\/secure.gravatar.com\/avatar\/77018c703d6d26c5e6209a6cc20a67180da76136f4aa0690713ddf7e4a83ae8e?s=96&d=mm&r=g","caption":"redesigned"},"url":"http:\/\/bdr-architekci.pl\/en\/author\/redesigned\/"}]}},"_links":{"self":[{"href":"http:\/\/bdr-architekci.pl\/en\/wp-json\/wp\/v2\/posts\/293","targetHints":{"allow":["GET"]}}],"collection":[{"href":"http:\/\/bdr-architekci.pl\/en\/wp-json\/wp\/v2\/posts"}],"about":[{"href":"http:\/\/bdr-architekci.pl\/en\/wp-json\/wp\/v2\/types\/post"}],"author":[{"embeddable":true,"href":"http:\/\/bdr-architekci.pl\/en\/wp-json\/wp\/v2\/users\/1"}],"replies":[{"embeddable":true,"href":"http:\/\/bdr-architekci.pl\/en\/wp-json\/wp\/v2\/comments?post=293"}],"version-history":[{"count":0,"href":"http:\/\/bdr-architekci.pl\/en\/wp-json\/wp\/v2\/posts\/293\/revisions"}],"wp:featuredmedia":[{"embeddable":true,"href":"http:\/\/bdr-architekci.pl\/en\/wp-json\/wp\/v2\/media\/353"}],"wp:attachment":[{"href":"http:\/\/bdr-architekci.pl\/en\/wp-json\/wp\/v2\/media?parent=293"}],"wp:term":[{"taxonomy":"category","embeddable":true,"href":"http:\/\/bdr-architekci.pl\/en\/wp-json\/wp\/v2\/categories?post=293"},{"taxonomy":"post_tag","embeddable":true,"href":"http:\/\/bdr-architekci.pl\/en\/wp-json\/wp\/v2\/tags?post=293"}],"curies":[{"name":"wp","href":"https:\/\/api.w.org\/{rel}","templated":true}]}}