{"id":3840,"date":"2023-11-16T11:15:54","date_gmt":"2023-11-16T11:15:54","guid":{"rendered":"http:\/\/bdr-architekci.pl\/?p=3840"},"modified":"2023-11-16T14:23:29","modified_gmt":"2023-11-16T14:23:29","slug":"columbarium-in-radom-completed","status":"publish","type":"post","link":"http:\/\/bdr-architekci.pl\/en\/news\/columbarium-in-radom-completed\/","title":{"rendered":"Columbarium in Radom completed"},"content":{"rendered":"<p>Our project of Columbarium Complex at Municipal Cementery in Radom has been completed.<\/p>\n<p>You can find photos and drawings of the project on our <a href=\"http:\/\/bdr-architekci.pl\/en\/projects\/columbarium-in-radom\/\"><span style=\"color: #999999;\">project site<\/span><\/a><\/p>\n<p>Link to a <span style=\"color: #999999;\"><a style=\"color: #999999;\" href=\"https:\/\/vimeo.com\/885133752?share=copy\" target=\"_blank\" rel=\"noopener\">short video<\/a><\/span><\/p>\n","protected":false},"excerpt":{"rendered":"<p>Our project of Columbarium Complex at Municipal Cementery in Radom has been completed. You can find photos and drawings of the project on our project site Link to a short video<\/p>\n","protected":false},"author":2,"featured_media":3839,"comment_status":"open","ping_status":"open","sticky":false,"template":"","format":"standard","meta":{"footnotes":""},"categories":[4],"tags":[],"class_list":["post-3840","post","type-post","status-publish","format-standard","has-post-thumbnail","hentry","category-news"],"yoast_head":"<!-- This site is optimized with the Yoast SEO plugin v25.6 - https:\/\/yoast.com\/wordpress\/plugins\/seo\/ -->\n<title>Columbarium in Radom completed - BDR Architekci<\/title>\n<meta name=\"robots\" content=\"index, follow, max-snippet:-1, max-image-preview:large, max-video-preview:-1\" \/>\n<link rel=\"canonical\" href=\"http:\/\/bdr-architekci.pl\/en\/news\/columbarium-in-radom-completed\/\" \/>\n<meta property=\"og:locale\" content=\"en_US\" \/>\n<meta property=\"og:type\" content=\"article\" \/>\n<meta property=\"og:title\" content=\"Columbarium in Radom completed - BDR Architekci\" \/>\n<meta property=\"og:description\" content=\"Our project of Columbarium Complex at Municipal Cementery in Radom has been completed. You can find photos and drawings of the project on our project site Link to a short video\" \/>\n<meta property=\"og:url\" content=\"http:\/\/bdr-architekci.pl\/en\/news\/columbarium-in-radom-completed\/\" \/>\n<meta property=\"og:site_name\" content=\"BDR Architekci\" \/>\n<meta property=\"article:published_time\" content=\"2023-11-16T11:15:54+00:00\" \/>\n<meta property=\"article:modified_time\" content=\"2023-11-16T14:23:29+00:00\" \/>\n<meta property=\"og:image\" content=\"http:\/\/bdr-architekci.pl\/cnt\/upld\/2023\/11\/Kolumbarium_News.jpg\" \/>\n\t<meta property=\"og:image:width\" content=\"620\" \/>\n\t<meta property=\"og:image:height\" content=\"400\" \/>\n\t<meta property=\"og:image:type\" content=\"image\/jpeg\" \/>\n<meta name=\"author\" content=\"Konrad Basan\" \/>\n<meta name=\"twitter:card\" content=\"summary_large_image\" \/>\n<meta name=\"twitter:label1\" content=\"Written by\" \/>\n\t<meta name=\"twitter:data1\" content=\"Konrad Basan\" \/>\n\t<meta name=\"twitter:label2\" content=\"Est. reading time\" \/>\n\t<meta name=\"twitter:data2\" content=\"1 minute\" \/>\n<script type=\"application\/ld+json\" class=\"yoast-schema-graph\">{\"@context\":\"https:\/\/schema.org\",\"@graph\":[{\"@type\":\"WebPage\",\"@id\":\"http:\/\/bdr-architekci.pl\/en\/news\/columbarium-in-radom-completed\/\",\"url\":\"http:\/\/bdr-architekci.pl\/en\/news\/columbarium-in-radom-completed\/\",\"name\":\"Columbarium in Radom completed - BDR Architekci\",\"isPartOf\":{\"@id\":\"http:\/\/bdr-architekci.pl\/#website\"},\"primaryImageOfPage\":{\"@id\":\"http:\/\/bdr-architekci.pl\/en\/news\/columbarium-in-radom-completed\/#primaryimage\"},\"image\":{\"@id\":\"http:\/\/bdr-architekci.pl\/en\/news\/columbarium-in-radom-completed\/#primaryimage\"},\"thumbnailUrl\":\"http:\/\/bdr-architekci.pl\/cnt\/upld\/2023\/11\/Kolumbarium_News.jpg\",\"datePublished\":\"2023-11-16T11:15:54+00:00\",\"dateModified\":\"2023-11-16T14:23:29+00:00\",\"author\":{\"@id\":\"http:\/\/bdr-architekci.pl\/#\/schema\/person\/57b6462fbbbed58de85105a47a411451\"},\"breadcrumb\":{\"@id\":\"http:\/\/bdr-architekci.pl\/en\/news\/columbarium-in-radom-completed\/#breadcrumb\"},\"inLanguage\":\"en-US\",\"potentialAction\":[{\"@type\":\"ReadAction\",\"target\":[\"http:\/\/bdr-architekci.pl\/en\/news\/columbarium-in-radom-completed\/\"]}]},{\"@type\":\"ImageObject\",\"inLanguage\":\"en-US\",\"@id\":\"http:\/\/bdr-architekci.pl\/en\/news\/columbarium-in-radom-completed\/#primaryimage\",\"url\":\"http:\/\/bdr-architekci.pl\/cnt\/upld\/2023\/11\/Kolumbarium_News.jpg\",\"contentUrl\":\"http:\/\/bdr-architekci.pl\/cnt\/upld\/2023\/11\/Kolumbarium_News.jpg\",\"width\":620,\"height\":400},{\"@type\":\"BreadcrumbList\",\"@id\":\"http:\/\/bdr-architekci.pl\/en\/news\/columbarium-in-radom-completed\/#breadcrumb\",\"itemListElement\":[{\"@type\":\"ListItem\",\"position\":1,\"name\":\"Strona g\u0142\u00f3wna\",\"item\":\"http:\/\/bdr-architekci.pl\/en\/\"},{\"@type\":\"ListItem\",\"position\":2,\"name\":\"Columbarium in Radom completed\"}]},{\"@type\":\"WebSite\",\"@id\":\"http:\/\/bdr-architekci.pl\/#website\",\"url\":\"http:\/\/bdr-architekci.pl\/\",\"name\":\"BDR Architekci\",\"description\":\"Pracownia BDR Architekci zosta\u0142a za\u0142o\u017cona w roku 2015 przez architekt\u00f3w Konrada Basana, Paw\u0142a Dadoka, Mari\u0119 Roj i Micha\u0142a Rogowskiego.\",\"potentialAction\":[{\"@type\":\"SearchAction\",\"target\":{\"@type\":\"EntryPoint\",\"urlTemplate\":\"http:\/\/bdr-architekci.pl\/?s={search_term_string}\"},\"query-input\":{\"@type\":\"PropertyValueSpecification\",\"valueRequired\":true,\"valueName\":\"search_term_string\"}}],\"inLanguage\":\"en-US\"},{\"@type\":\"Person\",\"@id\":\"http:\/\/bdr-architekci.pl\/#\/schema\/person\/57b6462fbbbed58de85105a47a411451\",\"name\":\"Konrad Basan\",\"image\":{\"@type\":\"ImageObject\",\"inLanguage\":\"en-US\",\"@id\":\"http:\/\/bdr-architekci.pl\/#\/schema\/person\/image\/\",\"url\":\"https:\/\/secure.gravatar.com\/avatar\/6f22616280aea99922fde3c23371b5e31a6f9a920d2f50e4f52b3f74cda09755?s=96&d=mm&r=g\",\"contentUrl\":\"https:\/\/secure.gravatar.com\/avatar\/6f22616280aea99922fde3c23371b5e31a6f9a920d2f50e4f52b3f74cda09755?s=96&d=mm&r=g\",\"caption\":\"Konrad Basan\"},\"url\":\"http:\/\/bdr-architekci.pl\/en\/author\/basan\/\"}]}<\/script>\n<!-- \/ Yoast SEO plugin. -->","yoast_head_json":{"title":"Columbarium in Radom completed - BDR Architekci","robots":{"index":"index","follow":"follow","max-snippet":"max-snippet:-1","max-image-preview":"max-image-preview:large","max-video-preview":"max-video-preview:-1"},"canonical":"http:\/\/bdr-architekci.pl\/en\/news\/columbarium-in-radom-completed\/","og_locale":"en_US","og_type":"article","og_title":"Columbarium in Radom completed - BDR Architekci","og_description":"Our project of Columbarium Complex at Municipal Cementery in Radom has been completed. You can find photos and drawings of the project on our project site Link to a short video","og_url":"http:\/\/bdr-architekci.pl\/en\/news\/columbarium-in-radom-completed\/","og_site_name":"BDR Architekci","article_published_time":"2023-11-16T11:15:54+00:00","article_modified_time":"2023-11-16T14:23:29+00:00","og_image":[{"width":620,"height":400,"url":"http:\/\/bdr-architekci.pl\/cnt\/upld\/2023\/11\/Kolumbarium_News.jpg","type":"image\/jpeg"}],"author":"Konrad Basan","twitter_card":"summary_large_image","twitter_misc":{"Written by":"Konrad Basan","Est. reading time":"1 minute"},"schema":{"@context":"https:\/\/schema.org","@graph":[{"@type":"WebPage","@id":"http:\/\/bdr-architekci.pl\/en\/news\/columbarium-in-radom-completed\/","url":"http:\/\/bdr-architekci.pl\/en\/news\/columbarium-in-radom-completed\/","name":"Columbarium in Radom completed - BDR Architekci","isPartOf":{"@id":"http:\/\/bdr-architekci.pl\/#website"},"primaryImageOfPage":{"@id":"http:\/\/bdr-architekci.pl\/en\/news\/columbarium-in-radom-completed\/#primaryimage"},"image":{"@id":"http:\/\/bdr-architekci.pl\/en\/news\/columbarium-in-radom-completed\/#primaryimage"},"thumbnailUrl":"http:\/\/bdr-architekci.pl\/cnt\/upld\/2023\/11\/Kolumbarium_News.jpg","datePublished":"2023-11-16T11:15:54+00:00","dateModified":"2023-11-16T14:23:29+00:00","author":{"@id":"http:\/\/bdr-architekci.pl\/#\/schema\/person\/57b6462fbbbed58de85105a47a411451"},"breadcrumb":{"@id":"http:\/\/bdr-architekci.pl\/en\/news\/columbarium-in-radom-completed\/#breadcrumb"},"inLanguage":"en-US","potentialAction":[{"@type":"ReadAction","target":["http:\/\/bdr-architekci.pl\/en\/news\/columbarium-in-radom-completed\/"]}]},{"@type":"ImageObject","inLanguage":"en-US","@id":"http:\/\/bdr-architekci.pl\/en\/news\/columbarium-in-radom-completed\/#primaryimage","url":"http:\/\/bdr-architekci.pl\/cnt\/upld\/2023\/11\/Kolumbarium_News.jpg","contentUrl":"http:\/\/bdr-architekci.pl\/cnt\/upld\/2023\/11\/Kolumbarium_News.jpg","width":620,"height":400},{"@type":"BreadcrumbList","@id":"http:\/\/bdr-architekci.pl\/en\/news\/columbarium-in-radom-completed\/#breadcrumb","itemListElement":[{"@type":"ListItem","position":1,"name":"Strona g\u0142\u00f3wna","item":"http:\/\/bdr-architekci.pl\/en\/"},{"@type":"ListItem","position":2,"name":"Columbarium in Radom completed"}]},{"@type":"WebSite","@id":"http:\/\/bdr-architekci.pl\/#website","url":"http:\/\/bdr-architekci.pl\/","name":"BDR Architekci","description":"Pracownia BDR Architekci zosta\u0142a za\u0142o\u017cona w roku 2015 przez architekt\u00f3w Konrada Basana, Paw\u0142a Dadoka, Mari\u0119 Roj i Micha\u0142a Rogowskiego.","potentialAction":[{"@type":"SearchAction","target":{"@type":"EntryPoint","urlTemplate":"http:\/\/bdr-architekci.pl\/?s={search_term_string}"},"query-input":{"@type":"PropertyValueSpecification","valueRequired":true,"valueName":"search_term_string"}}],"inLanguage":"en-US"},{"@type":"Person","@id":"http:\/\/bdr-architekci.pl\/#\/schema\/person\/57b6462fbbbed58de85105a47a411451","name":"Konrad Basan","image":{"@type":"ImageObject","inLanguage":"en-US","@id":"http:\/\/bdr-architekci.pl\/#\/schema\/person\/image\/","url":"https:\/\/secure.gravatar.com\/avatar\/6f22616280aea99922fde3c23371b5e31a6f9a920d2f50e4f52b3f74cda09755?s=96&d=mm&r=g","contentUrl":"https:\/\/secure.gravatar.com\/avatar\/6f22616280aea99922fde3c23371b5e31a6f9a920d2f50e4f52b3f74cda09755?s=96&d=mm&r=g","caption":"Konrad Basan"},"url":"http:\/\/bdr-architekci.pl\/en\/author\/basan\/"}]}},"_links":{"self":[{"href":"http:\/\/bdr-architekci.pl\/en\/wp-json\/wp\/v2\/posts\/3840","targetHints":{"allow":["GET"]}}],"collection":[{"href":"http:\/\/bdr-architekci.pl\/en\/wp-json\/wp\/v2\/posts"}],"about":[{"href":"http:\/\/bdr-architekci.pl\/en\/wp-json\/wp\/v2\/types\/post"}],"author":[{"embeddable":true,"href":"http:\/\/bdr-architekci.pl\/en\/wp-json\/wp\/v2\/users\/2"}],"replies":[{"embeddable":true,"href":"http:\/\/bdr-architekci.pl\/en\/wp-json\/wp\/v2\/comments?post=3840"}],"version-history":[{"count":0,"href":"http:\/\/bdr-architekci.pl\/en\/wp-json\/wp\/v2\/posts\/3840\/revisions"}],"wp:featuredmedia":[{"embeddable":true,"href":"http:\/\/bdr-architekci.pl\/en\/wp-json\/wp\/v2\/media\/3839"}],"wp:attachment":[{"href":"http:\/\/bdr-architekci.pl\/en\/wp-json\/wp\/v2\/media?parent=3840"}],"wp:term":[{"taxonomy":"category","embeddable":true,"href":"http:\/\/bdr-architekci.pl\/en\/wp-json\/wp\/v2\/categories?post=3840"},{"taxonomy":"post_tag","embeddable":true,"href":"http:\/\/bdr-architekci.pl\/en\/wp-json\/wp\/v2\/tags?post=3840"}],"curies":[{"name":"wp","href":"https:\/\/api.w.org\/{rel}","templated":true}]}}